
{"id":34333,"date":"2021-06-09T16:02:23","date_gmt":"2021-06-09T14:02:23","guid":{"rendered":"https:\/\/www.herbertnathan.com\/2021\/06\/09\/herbertnathan-co-tar-pulsen-pa-xledgers-vd-thomas-falk-copy\/"},"modified":"2021-06-10T10:28:47","modified_gmt":"2021-06-10T08:28:47","slug":"herbertnathan-co-tar-pulsen-pa-sap","status":"publish","type":"post","link":"https:\/\/www.herbertnathan.com\/sv\/2021\/06\/09\/herbertnathan-co-tar-pulsen-pa-sap\/","title":{"rendered":"HerbertNathan &#038; Co tar pulsen p\u00e5 SAP i Sverige"},"content":{"rendered":"<p><a href=\"https:\/\/www.herbertnathan.com\/sv\/author\/henrik-frimodig\/\">Henrik Frimodig<\/a> p\u00e5 HerbertNathan &amp; Co har intervjuat Per Alm som \u00e4r VD p\u00e5 SAP i Sverige, f\u00f6r att prata framtidens aff\u00e4rssystem. Se vad Per har att s\u00e4ga om aff\u00e4rssystemsmarknaden och specifikt om SAP\u2019s aff\u00e4rssystem SAP S\/4HANA, SAP Business ByDesign och SAP Business One.<\/p>\n<p>&nbsp;<\/p>\n<p><code><iframe loading=\"lazy\" title=\"YouTube video player\" src=\"https:\/\/www.youtube.com\/embed\/r0rdZHsK0OY?rel=0\" width=\"560\" height=\"315\" frameborder=\"0\" allowfullscreen=\"allowfullscreen\"><\/iframe><\/code><\/p>\n<p>&nbsp;<\/p>\n<h2>Tidkoder f\u00f6r intervjuns olika omr\u00e5den:<\/h2>\n<p>(00:00:00) \u2013 Introduktion<br \/>\n(00:01:08) \u2013 P\u00e5 Pers agenda de f\u00f6rsta tv\u00e5 \u00e5ren som VD<br \/>\n(00:02:15) \u2013 Hur SAP och SAP\u2019s kunder har p\u00e5verkats av pandemin<br \/>\n(00:03:29) \u2013 SAP\u2019s framtidsplaner f\u00f6r aff\u00e4rssystemen<br \/>\n(00:05:48) \u2013 Allt i ett system vs Best of Breed? Per pratar Best of Platform<br \/>\n(00:07:15) \u2013 SAP\u2019s syn p\u00e5 Agilitet<br \/>\n(00:10:13) \u2013 Om agila implementationer och SAP\u2019s implementationsmetodik SAP Activate<br \/>\n(00:12:43) \u2013 Hur SAP S\/4HANA togs emot av marknaden n\u00e4r applikationen lanserades<br \/>\n(00:13:52) \u2013 F\u00f6rdelarna med SAP\u2019s In-Memory databas<br \/>\n(00:16:12) \u2013 SAP\u2019s m\u00e5lgrupp<br \/>\n(00:17:09) \u2013 Hur SAP\u2019s aff\u00e4rssystem SAP S\/4HANA, SAP Business ByDesign och SAP Business One positionerar sig mot varandra<br \/>\n(00:19:03) \u2013 SAP\u2019s syn p\u00e5 molnet som en \u201dgame changer\u201d<br \/>\n(00:21:36) \u2013 Standardisering som m\u00f6jligg\u00f6rare f\u00f6r snabbare implementationer<br \/>\n(00:24:24) \u2013 Om kundernas vilja att f\u00f6lja standardprocesser<br \/>\n(00:25:18) \u2013 Om implementationspartnernas vilja att h\u00e5lla sig till standardprocesser och best practice<br \/>\n(00:26:39) \u2013 Aff\u00e4rssystemens tekniska utveckling de kommande \u00e5ren<br \/>\n(00:29:15) \u2013 Omr\u00e5den d\u00e4r kunder fr\u00e4mst efterfr\u00e5gar AI-funktionalitet<br \/>\n(00:30:15) \u2013 Om den framtida automatiseringen av ekonomifunktionerna<br \/>\n(00:31:06) \u2013 Hur framtidens anv\u00e4ndare kommer att interagera med aff\u00e4rssystemen<br \/>\n(00:32:12) \u2013 D\u00f6p om On-premise till ett mer passande namn<br \/>\n(00:35:03) \u2013 Om kraven p\u00e5 informationss\u00e4kerhet<br \/>\n(00:36:58) \u2013 Hur aff\u00e4rssystemsmarknaden ser ut om 5-10 \u00e5r<br \/>\n(00:38:37) \u2013 Nycklar till SAP\u2019s fortsatta framg\u00e5ng<br \/>\n(00:40:10) \u2013 Avslut<\/p>\n","protected":false},"excerpt":{"rendered":"<p>Henrik Frimodig p\u00e5 HerbertNathan &#038; Co har intervjuat Per Alm som \u00e4r VD p\u00e5 SAP i Sverige, f\u00f6r att prata framtidens aff\u00e4rssystem. Se vad Per har att s\u00e4ga om aff\u00e4rssystemsmarknaden och specifikt om SAP\u2019s aff\u00e4rssystem SAP S\/4HANA, SAP Business ByDesign och SAP Business One.<\/p>\n","protected":false},"author":31,"featured_media":33616,"comment_status":"closed","ping_status":"open","sticky":false,"template":"","format":"video","meta":{"_acf_changed":false,"slim_seo":{"title":"HerbertNathan & Co tar pulsen p\u00e5 SAP i Sverige - HerbertNathan &amp; Co","description":"Henrik Frimodig p\u00e5 HerbertNathan & Co har intervjuat Per Alm som \u00e4r VD p\u00e5 SAP i Sverige, f\u00f6r att prata framtidens aff\u00e4rssystem. Se vad Per har att s\u00e4ga om aff\u00e4r"},"footnotes":""},"categories":[1708],"tags":[1736,1937,1938,1939,1975],"class_list":["post-34333","post","type-post","status-publish","format-video","has-post-thumbnail","hentry","category-erp","tag-sap","tag-sap-business-bydesign","tag-sap-s-4hana","tag-sap-s-4hana-cloud","tag-sap-business-one","post_format-post-format-video","formats-intervjuer"],"acf":[],"_links":{"self":[{"href":"https:\/\/www.herbertnathan.com\/sv\/wp-json\/wp\/v2\/posts\/34333","targetHints":{"allow":["GET"]}}],"collection":[{"href":"https:\/\/www.herbertnathan.com\/sv\/wp-json\/wp\/v2\/posts"}],"about":[{"href":"https:\/\/www.herbertnathan.com\/sv\/wp-json\/wp\/v2\/types\/post"}],"author":[{"embeddable":true,"href":"https:\/\/www.herbertnathan.com\/sv\/wp-json\/wp\/v2\/users\/31"}],"replies":[{"embeddable":true,"href":"https:\/\/www.herbertnathan.com\/sv\/wp-json\/wp\/v2\/comments?post=34333"}],"version-history":[{"count":2,"href":"https:\/\/www.herbertnathan.com\/sv\/wp-json\/wp\/v2\/posts\/34333\/revisions"}],"predecessor-version":[{"id":34346,"href":"https:\/\/www.herbertnathan.com\/sv\/wp-json\/wp\/v2\/posts\/34333\/revisions\/34346"}],"wp:featuredmedia":[{"embeddable":true,"href":"https:\/\/www.herbertnathan.com\/sv\/wp-json\/wp\/v2\/media\/33616"}],"wp:attachment":[{"href":"https:\/\/www.herbertnathan.com\/sv\/wp-json\/wp\/v2\/media?parent=34333"}],"wp:term":[{"taxonomy":"category","embeddable":true,"href":"https:\/\/www.herbertnathan.com\/sv\/wp-json\/wp\/v2\/categories?post=34333"},{"taxonomy":"post_tag","embeddable":true,"href":"https:\/\/www.herbertnathan.com\/sv\/wp-json\/wp\/v2\/tags?post=34333"}],"curies":[{"name":"wp","href":"https:\/\/api.w.org\/{rel}","templated":true}]}}