
{"id":35662,"date":"2021-09-21T14:00:14","date_gmt":"2021-09-21T12:00:14","guid":{"rendered":"https:\/\/www.herbertnathan.com\/2021\/09\/21\/herbertnathan-co-tar-pulsen-pa-sap-copy\/"},"modified":"2021-09-21T14:58:55","modified_gmt":"2021-09-21T12:58:55","slug":"herbertnathan-co-tar-pulsen-pa-aktiebolaget-systemstod","status":"publish","type":"post","link":"https:\/\/www.herbertnathan.com\/sv\/2021\/09\/21\/herbertnathan-co-tar-pulsen-pa-aktiebolaget-systemstod\/","title":{"rendered":"HerbertNathan &#038; Co tar pulsen p\u00e5 Aktiebolaget Systemst\u00f6d"},"content":{"rendered":"<p><a href=\"https:\/\/www.herbertnathan.com\/sv\/author\/henrik-frimodig\/\">Henrik Frimodig<\/a> p\u00e5 HerbertNathan &amp; Co har intervjuat Fredrik Jansson som \u00e4r VD p\u00e5 Aktiebolaget Systemst\u00f6d, f\u00f6r att prata framtidens aff\u00e4rssystem. Se vad Per har att s\u00e4ga om aff\u00e4rssystemsmarknaden och specifikt om aff\u00e4rssystemet SAGE X3 som Systemst\u00f6d har lokaliserat och tillg\u00e4ngliggjort f\u00f6r den svenska marknaden.<\/p>\n<p>&nbsp;<\/p>\n<p><code><iframe loading=\"lazy\" title=\"YouTube video player\" src=\"https:\/\/www.youtube.com\/embed\/ogwYBZWYRTA?rel=0\" width=\"560\" height=\"315\" frameborder=\"0\" allowfullscreen=\"allowfullscreen\"><span data-mce-type=\"bookmark\" style=\"display: inline-block; width: 0px; overflow: hidden; line-height: 0;\" class=\"mce_SELRES_start\">\ufeff<\/span><\/iframe><\/code><\/p>\n<p>&nbsp;<\/p>\n<h2>Tidkoder f\u00f6r intervjuns olika omr\u00e5den:<\/h2>\n<p>(00:00:00) \u2013 Introduktion<br \/>\n(00:00:32) \u2013 Fredrik om valet att introducera ett nytt aff\u00e4rssystem p\u00e5 den svenska marknaden<br \/>\n(00:01:05) \u2013 Hur satsningen p\u00e5 SAGE X3 har g\u00e5tt<br \/>\n(00:01:28) \u2013 Om aff\u00e4rssystemet SAGE X3 och dess m\u00e5lgrupp<br \/>\n(00:02:08) \u2013 Varf\u00f6r Systemst\u00f6d valde att ge sig in p\u00e5 en redan konkurrensutsatt marknad<br \/>\n(00:02:42) \u2013 Hur m\u00e5nga som jobbar med produkten p\u00e5 Systemst\u00f6d<br \/>\n(00:02:59) \u2013 Systemst\u00f6ds m\u00e5ls\u00e4ttningar fram\u00e5t<br \/>\n(00:03:59) \u2013 Hur Systemst\u00f6ds projektmetodik och utvecklingsmuskler st\u00e5r sig mot st\u00f6rre konkurrenter<br \/>\n(00:04:42) \u2013 Dagens implementationer kr\u00e4ver lika mycket resurser som f\u00f6rr<br \/>\n(00:07:46) \u2013 Systemst\u00f6ds\u2019s syn p\u00e5 molnet som en \u201dgame changer\u201d<br \/>\n(00:08:35) \u2013 Vad Private Cloud betyder enligt Systemst\u00f6d<br \/>\n(00:10:12) \u2013 Hur Systemst\u00f6ds kunder ser p\u00e5 Cloud ur en s\u00e4kerhetsaspekt<br \/>\n(00:11:14) \u2013 Om AI och Machine Learning ur ett aff\u00e4rssystemsperspektiv<br \/>\n(00:13:15) \u2013 Fredrik siar om den AI-drivna revolutionen<br \/>\n(00:15:50) \u2013 Vilka applikationer som fr\u00e4mst efterfr\u00e5gas bland Systemst\u00f6ds kunder<br \/>\n(00:18:52) \u2013 Kommer Systemst\u00f6d ge sig in p\u00e5 HR-omr\u00e5det?<br \/>\n(00:19:44) \u2013 Aff\u00e4rssystemen VS Best of Breed-applikationer<br \/>\n(00:24:36) \u2013 Pandemins p\u00e5verkan p\u00e5 implementationsprojekt p\u00e5 kort och l\u00e5ng sikt<br \/>\n(00:28:35) \u2013 Outsourcing st\u00e4ller krav p\u00e5 aff\u00e4rssystemen<br \/>\n(00:30:17) \u2013 Hur aff\u00e4rssystemsmarknaden ser ut om 5-10 \u00e5r<br \/>\n(00:31:28) \u2013 Nycklar till Systemst\u00f6ds\u2019s fortsatta framg\u00e5ng<br \/>\n(00:32:13) \u2013 Avslut<\/p>\n","protected":false},"excerpt":{"rendered":"<p>Henrik Frimodig p\u00e5 HerbertNathan &#038; Co har intervjuat Fredrik Jansson som \u00e4r VD p\u00e5 Aktiebolaget Systemst\u00f6d, f\u00f6r att prata framtidens aff\u00e4rssystem. Se vad Fredrik har att s\u00e4ga om aff\u00e4rssystemsmarknaden och specifikt om aff\u00e4rssystemet SAGE X3 som Systemst\u00f6d har lokaliserat och tillg\u00e4ngliggjort f\u00f6r den svenska marknaden.<\/p>\n","protected":false},"author":44,"featured_media":33598,"comment_status":"closed","ping_status":"open","sticky":false,"template":"","format":"video","meta":{"_acf_changed":false,"slim_seo":{"title":"HerbertNathan & Co tar pulsen p\u00e5 Aktiebolaget Systemst\u00f6d - HerbertNathan &amp; Co","description":"Henrik Frimodig p\u00e5 HerbertNathan & Co har intervjuat Fredrik Jansson som \u00e4r VD p\u00e5 Aktiebolaget Systemst\u00f6d, f\u00f6r att prata framtidens aff\u00e4rssystem. Se vad Fredrik"},"footnotes":""},"categories":[1708],"tags":[1961,1748,1749,1805],"class_list":["post-35662","post","type-post","status-publish","format-video","has-post-thumbnail","hentry","category-erp","tag-sage","tag-aktiebolaget-systemstod","tag-sage-x3","tag-jeeves-erp","post_format-post-format-video","formats-intervjuer"],"acf":[],"_links":{"self":[{"href":"https:\/\/www.herbertnathan.com\/sv\/wp-json\/wp\/v2\/posts\/35662","targetHints":{"allow":["GET"]}}],"collection":[{"href":"https:\/\/www.herbertnathan.com\/sv\/wp-json\/wp\/v2\/posts"}],"about":[{"href":"https:\/\/www.herbertnathan.com\/sv\/wp-json\/wp\/v2\/types\/post"}],"author":[{"embeddable":true,"href":"https:\/\/www.herbertnathan.com\/sv\/wp-json\/wp\/v2\/users\/44"}],"replies":[{"embeddable":true,"href":"https:\/\/www.herbertnathan.com\/sv\/wp-json\/wp\/v2\/comments?post=35662"}],"version-history":[{"count":2,"href":"https:\/\/www.herbertnathan.com\/sv\/wp-json\/wp\/v2\/posts\/35662\/revisions"}],"predecessor-version":[{"id":35667,"href":"https:\/\/www.herbertnathan.com\/sv\/wp-json\/wp\/v2\/posts\/35662\/revisions\/35667"}],"wp:featuredmedia":[{"embeddable":true,"href":"https:\/\/www.herbertnathan.com\/sv\/wp-json\/wp\/v2\/media\/33598"}],"wp:attachment":[{"href":"https:\/\/www.herbertnathan.com\/sv\/wp-json\/wp\/v2\/media?parent=35662"}],"wp:term":[{"taxonomy":"category","embeddable":true,"href":"https:\/\/www.herbertnathan.com\/sv\/wp-json\/wp\/v2\/categories?post=35662"},{"taxonomy":"post_tag","embeddable":true,"href":"https:\/\/www.herbertnathan.com\/sv\/wp-json\/wp\/v2\/tags?post=35662"}],"curies":[{"name":"wp","href":"https:\/\/api.w.org\/{rel}","templated":true}]}}