
{"id":40361,"date":"2023-02-28T18:15:19","date_gmt":"2023-02-28T17:15:19","guid":{"rendered":"https:\/\/www.herbertnathan.com\/2023\/02\/28\/round-table-erp-tema-sap-mot-framtiden-copy\/"},"modified":"2024-09-02T12:02:26","modified_gmt":"2024-09-02T10:02:26","slug":"round-table-lms-tema-framtidssakra-med-kompetensutveckling","status":"publish","type":"post","link":"https:\/\/www.herbertnathan.com\/sv\/2023\/02\/28\/round-table-lms-tema-framtidssakra-med-kompetensutveckling\/","title":{"rendered":"Round Table LMS &#8211; TEMA: Framtidss\u00e4kra med kompetensutveckling"},"content":{"rendered":"<p>I v\u00e5r serie Round Table LMS samlar vi experter fr\u00e5n branschen f\u00f6r att diskutera aktuella fr\u00e5gest\u00e4llningar inom omr\u00e5det L\u00e4rande. Fr\u00e5gor och teman som \u00e4r intressanta och viktiga f\u00f6r s\u00e5v\u00e4l kunderna som f\u00f6r leverant\u00f6rerna.<\/p>\n<p>&nbsp;<\/p>\n<p>Tema f\u00f6r denna session \u00e4r \u201dFramtidss\u00e4kra med kompetensutveckling\u201d. Ett sp\u00e4nnande \u00e4mne som ber\u00f6r m\u00e5nga organisationer idag, d\u00e5 det har blivit allt sv\u00e5rare att rekrytera den kompetens som beh\u00f6vs. En l\u00f6sning p\u00e5 r\u00e5dande kompetensbrist \u00e4r att utveckla kompetensen internt. Panelen djupdyker d\u00e4rf\u00f6r i \u00e4mnet kompetensutveckling, vad det \u00e4r och hur man kan jobba med kompetensutveckling f\u00f6r att s\u00e4kra sin kompetensf\u00f6rs\u00f6rjning.<\/p>\n<p>&nbsp;<\/p>\n<p><code><iframe loading=\"lazy\" title=\"YouTube video player\" src=\"https:\/\/www.youtube.com\/embed\/JS48a5sIV48?rel=0\" width=\"560\" height=\"315\" frameborder=\"0\" allowfullscreen=\"allowfullscreen\"><span data-mce-type=\"bookmark\" style=\"display: inline-block; width: 0px; overflow: hidden; line-height: 0;\" class=\"mce_SELRES_start\">\ufeff<\/span><\/iframe><\/code><\/p>\n<p>&nbsp;<\/p>\n<h2>Samtalets olika kapitel<\/h2>\n<h5><a href=\"https:\/\/www.youtube.com\/watch?v=JS48a5sIV48\" target=\"_blank\" rel=\"noopener\"><span class=\"style-scope yt-formatted-string\" dir=\"auto\">1. Introduktion<\/span><\/a><\/h5>\n<h5><a href=\"https:\/\/www.youtube.com\/watch?v=JS48a5sIV48&amp;t=106s\" target=\"_blank\" rel=\"noopener\"><span class=\"style-scope yt-formatted-string\" dir=\"auto\">2. <\/span><span class=\"style-scope yt-formatted-string\" dir=\"auto\">Presentation av samtliga deltagare<\/span><\/a><\/h5>\n<h5><a href=\"https:\/\/www.youtube.com\/watch?v=JS48a5sIV48&amp;t=216s\" target=\"_blank\" rel=\"noopener\"><span class=\"style-scope yt-formatted-string\" dir=\"auto\">3. Introduktion till dagens \u00e4mne<\/span><\/a><\/h5>\n<h5><span class=\"style-scope yt-formatted-string\" dir=\"auto\"><a href=\"https:\/\/www.youtube.com\/watch?v=JS48a5sIV48&amp;t=301s\" target=\"_blank\" rel=\"noopener\">4. Vad \u00e4r kompetensutveckling?<\/a><\/span><\/h5>\n<h5><span class=\"style-scope yt-formatted-string\" dir=\"auto\"><a href=\"https:\/\/www.youtube.com\/watch?v=JS48a5sIV48&amp;t=385s\" target=\"_blank\" rel=\"noopener\">5. \u00c4r det viktigt att satsa p\u00e5 kompetensutveckling f\u00f6r alla medarbetare?<\/a> <\/span><\/h5>\n<h5><span class=\"style-scope yt-formatted-string\" dir=\"auto\"><a href=\"https:\/\/www.youtube.com\/watch?v=JS48a5sIV48&amp;t=488s\" target=\"_blank\" rel=\"noopener\">6. Vad \u00e4r skillnad p\u00e5 l\u00e4rande och utbildning?<\/a><\/span><\/h5>\n<h5><span class=\"style-scope yt-formatted-string\" dir=\"auto\"><a href=\"https:\/\/www.youtube.com\/watch?v=JS48a5sIV48&amp;t=593s\" target=\"_blank\" rel=\"noopener\">7. Vad utm\u00e4rker kunder som har lycktas med kompetensutveckling?<\/a> <\/span><\/h5>\n<h5><span class=\"style-scope yt-formatted-string\" dir=\"auto\"><a href=\"https:\/\/www.youtube.com\/watch?v=JS48a5sIV48&amp;t=775s\" target=\"_blank\" rel=\"noopener\">8. Tankar om Growth Mindset<\/a><\/span><\/h5>\n<h5><span class=\"style-scope yt-formatted-string\" dir=\"auto\"><a href=\"https:\/\/www.youtube.com\/watch?v=JS48a5sIV48&amp;t=1025s\" target=\"_blank\" rel=\"noopener\">9. Vem ansvarar f\u00f6r kompetensutvecklingen?<\/a><\/span><\/h5>\n<h5><span class=\"style-scope yt-formatted-string\" dir=\"auto\"><a href=\"https:\/\/www.youtube.com\/watch?v=JS48a5sIV48&amp;t=1147s\" target=\"_blank\" rel=\"noopener\">10. Hur skall ledningen t\u00e4nka ekonomiskt kring l\u00e4rande?<\/a><\/span><\/h5>\n<h5><span class=\"style-scope yt-formatted-string\" dir=\"auto\"><a href=\"https:\/\/www.youtube.com\/watch?v=JS48a5sIV48&amp;t=1299s\" target=\"_blank\" rel=\"noopener\">11. Ser behovet av kompetensutveckling olika ut mellan olika generationer?<\/a><\/span><\/h5>\n<h5><span class=\"style-scope yt-formatted-string\" dir=\"auto\"><a href=\"https:\/\/www.youtube.com\/watch?v=JS48a5sIV48&amp;t=1463s\" target=\"_blank\" rel=\"noopener\">12. G\u00e4ller fortfarande 70-20-10 regeln?<\/a><\/span><\/h5>\n<h5><span class=\"style-scope yt-formatted-string\" dir=\"auto\"><a href=\"https:\/\/www.youtube.com\/watch?v=JS48a5sIV48&amp;t=1616s\" target=\"_blank\" rel=\"noopener\">13. Hur kan digitala st\u00f6d vara till hj\u00e4lp?<\/a><\/span><\/h5>\n<h5><span class=\"style-scope yt-formatted-string\" dir=\"auto\"><a href=\"https:\/\/www.youtube.com\/watch?v=JS48a5sIV48&amp;t=1746s\" target=\"_blank\" rel=\"noopener\">14. Panelens b\u00e4sta tips f\u00f6r hur ni kan jobba med l\u00e4rande i er organisation<\/a><\/span><\/h5>\n<h5><span class=\"style-scope yt-formatted-string\" dir=\"auto\"><a href=\"https:\/\/www.youtube.com\/watch?v=JS48a5sIV48&amp;t=1805s\" target=\"_blank\" rel=\"noopener\">15. Avslut<\/a><\/span><\/h5>\n<p>&nbsp;<\/p>\n<p>&nbsp;<\/p>\n<h2>Panelen bestod av:<\/h2>\n<ul>\n<li>Catherine Chamera, Product Marketing Manager p\u00e5 <a href=\"https:\/\/vismatalentsolutions.com\/\" target=\"_blank\" rel=\"noopener\">Visma Talent Solutions<\/a><\/li>\n<li>Christer Sandin, Country Manager p\u00e5 Minerva Group (\u00c5terf\u00f6rs. av Fuse)<\/li>\n<\/ul>\n<p>Moderator: Terhi Benjaminsson, Seniorkonsult p\u00e5 HerbertNathan &amp; Co<\/p>\n<p>&nbsp;<\/p>\n<p>&nbsp;<\/p>\n<p><a class=\"button blue\" href=\"https:\/\/www.herbertnathan.com\/sv\/insight\/?_sft_category=lms\">Mer p\u00e5 temat LMS<\/a><\/p>\n","protected":false},"excerpt":{"rendered":"<p>I v\u00e5r serie Round Table LMS har HerbertNathan &#038; Co samlat branschexperter f\u00f6r att diskutera aktuella fr\u00e5gest\u00e4llningar inom omr\u00e5det L\u00e4rande. Tema f\u00f6r denna session \u00e4r \u201dFramtidss\u00e4kra med kompetensutveckling\u201d. Ett sp\u00e4nnande \u00e4mne om hur man kan jobba med kompetensutveckling f\u00f6r att s\u00e4kra kompetensf\u00f6rs\u00f6rjningen.<\/p>\n","protected":false},"author":89,"featured_media":39217,"comment_status":"closed","ping_status":"open","sticky":false,"template":"","format":"video","meta":{"_acf_changed":false,"slim_seo":{"title":"Round Table LMS - TEMA: Framtidss\u00e4kra med kompetensutveckling - HerbertNathan &amp; Co","description":"I v\u00e5r serie Round Table LMS har HerbertNathan & Co samlat branschexperter f\u00f6r att diskutera aktuella fr\u00e5gest\u00e4llningar inom omr\u00e5det L\u00e4rande. Tema f\u00f6r denna sessi"},"footnotes":""},"categories":[2045],"tags":[2041,2619],"class_list":["post-40361","post","type-post","status-publish","format-video","has-post-thumbnail","hentry","category-lms","tag-visma-talent-solutions-ab","tag-minerva-group","post_format-post-format-video","formats-video","formats-intervjuer","formats-round-table"],"acf":[],"_links":{"self":[{"href":"https:\/\/www.herbertnathan.com\/sv\/wp-json\/wp\/v2\/posts\/40361","targetHints":{"allow":["GET"]}}],"collection":[{"href":"https:\/\/www.herbertnathan.com\/sv\/wp-json\/wp\/v2\/posts"}],"about":[{"href":"https:\/\/www.herbertnathan.com\/sv\/wp-json\/wp\/v2\/types\/post"}],"author":[{"embeddable":true,"href":"https:\/\/www.herbertnathan.com\/sv\/wp-json\/wp\/v2\/users\/89"}],"replies":[{"embeddable":true,"href":"https:\/\/www.herbertnathan.com\/sv\/wp-json\/wp\/v2\/comments?post=40361"}],"version-history":[{"count":2,"href":"https:\/\/www.herbertnathan.com\/sv\/wp-json\/wp\/v2\/posts\/40361\/revisions"}],"predecessor-version":[{"id":43965,"href":"https:\/\/www.herbertnathan.com\/sv\/wp-json\/wp\/v2\/posts\/40361\/revisions\/43965"}],"wp:featuredmedia":[{"embeddable":true,"href":"https:\/\/www.herbertnathan.com\/sv\/wp-json\/wp\/v2\/media\/39217"}],"wp:attachment":[{"href":"https:\/\/www.herbertnathan.com\/sv\/wp-json\/wp\/v2\/media?parent=40361"}],"wp:term":[{"taxonomy":"category","embeddable":true,"href":"https:\/\/www.herbertnathan.com\/sv\/wp-json\/wp\/v2\/categories?post=40361"},{"taxonomy":"post_tag","embeddable":true,"href":"https:\/\/www.herbertnathan.com\/sv\/wp-json\/wp\/v2\/tags?post=40361"}],"curies":[{"name":"wp","href":"https:\/\/api.w.org\/{rel}","templated":true}]}}