
{"id":40663,"date":"2023-05-19T07:00:37","date_gmt":"2023-05-19T05:00:37","guid":{"rendered":"https:\/\/www.herbertnathan.com\/2023\/04\/18\/herbertnathan-co-tar-pulsen-pa-softones-vd-hakan-lord-copy\/"},"modified":"2023-06-28T11:19:46","modified_gmt":"2023-06-28T09:19:46","slug":"herbertnathan-co-tar-pulsen-pa-ann-kristin-sander-vd-pa-ifs-nordics","status":"publish","type":"post","link":"https:\/\/www.herbertnathan.com\/sv\/2023\/05\/19\/herbertnathan-co-tar-pulsen-pa-ann-kristin-sander-vd-pa-ifs-nordics\/","title":{"rendered":"HerbertNathan &#038; Co tar pulsen p\u00e5 Ann-Kristin Sander, VD p\u00e5 IFS Nordics"},"content":{"rendered":"<p><a href=\"https:\/\/www.herbertnathan.com\/sv\/author\/jonas-andersson\/\" target=\"_blank\" rel=\"noopener\">Jonas Andersson<\/a> p\u00e5 HerbertNathan &amp; Co intervjuar Ann-Kristin Sander, VD p\u00e5 <a href=\"https:\/\/www.ifs.com\/\" target=\"_blank\" rel=\"noopener\">IFS<\/a> i Norden. H\u00f6r vad Ann-Kristin har att s\u00e4ga om IFS resa fram till idag, de planer som finns de n\u00e4rmaste \u00e5ren och om <a href=\"https:\/\/www.herbertnathan.com\/sv\/systemguide\/ifs-cloud\/\" target=\"_blank\" rel=\"noopener\">aff\u00e4rssystemet IFS Cloud<\/a>.<\/p>\n<p>&nbsp;<\/p>\n<p><code><iframe loading=\"lazy\" title=\"YouTube video player\" src=\"https:\/\/www.youtube.com\/embed\/SgWWTs34c-4?rel=0\" width=\"560\" height=\"315\" frameborder=\"0\" allowfullscreen=\"allowfullscreen\"><span data-mce-type=\"bookmark\" style=\"display: inline-block; width: 0px; overflow: hidden; line-height: 0;\" class=\"mce_SELRES_start\">\ufeff<\/span><\/iframe><\/code><\/p>\n<p>&nbsp;<\/p>\n<h2>Intervjuns olika kapitel:<\/h2>\n<h5><span class=\"style-scope yt-formatted-string\" dir=\"auto\"><a href=\"https:\/\/youtu.be\/SgWWTs34c-4?t=0\" target=\"_blank\" rel=\"noopener\">1. Introduktion<\/a><br \/>\n<a href=\"https:\/\/youtu.be\/SgWWTs34c-4?t=53\" target=\"_blank\" rel=\"noopener\">2. Ann-Kristin ber\u00e4ttar om sin bakgrund<\/a><br \/>\n<a href=\"https:\/\/youtu.be\/SgWWTs34c-4?t=123\" target=\"_blank\" rel=\"noopener\">3. Historien bakom IFS<\/a><br \/>\n<a href=\"https:\/\/youtu.be\/SgWWTs34c-4?t=298\" target=\"_blank\" rel=\"noopener\">4. IFS kultur och v\u00e4rderingar<\/a><br \/>\n<\/span><span class=\"style-scope yt-formatted-string\" dir=\"auto\"><a href=\"https:\/\/youtu.be\/SgWWTs34c-4?t=622\" target=\"_blank\" rel=\"noopener\">5. IFS nya strategi efter millennieskiftet<\/a><br \/>\n<a href=\"https:\/\/youtu.be\/SgWWTs34c-4?t=792\" target=\"_blank\" rel=\"noopener\">6. Hur IFS ser p\u00e5 bransch-fokus och kundkvalificering<\/a><br \/>\n<a href=\"https:\/\/youtu.be\/SgWWTs34c-4?t=940\" target=\"_blank\" rel=\"noopener\">7. Hur EQT har m\u00f6jliggjort IFS tillv\u00e4xt<\/a><br \/>\n<a href=\"https:\/\/youtu.be\/SgWWTs34c-4?t=1107\" target=\"_blank\" rel=\"noopener\">8. IFS idag i siffror<\/a><br \/>\n<a href=\"https:\/\/youtu.be\/SgWWTs34c-4?t=1318\" target=\"_blank\" rel=\"noopener\">9. Hur tillv\u00e4xten har p\u00e5verkat IFS<\/a><br \/>\n<a href=\"https:\/\/youtu.be\/SgWWTs34c-4?t=1400\" target=\"_blank\" rel=\"noopener\">10. IFS kunder och m\u00e5lgrupper<\/a><br \/>\n<a href=\"https:\/\/youtu.be\/SgWWTs34c-4?t=1778\" target=\"_blank\" rel=\"noopener\">11. IFS partnerstrategi<\/a><br \/>\n<a href=\"https:\/\/youtu.be\/SgWWTs34c-4?t=2073\" target=\"_blank\" rel=\"noopener\">12. Vad som utm\u00e4rker IFS Cloud i form av produktutveckling och funktionalitet<\/a><br \/>\n<a href=\"https:\/\/youtu.be\/SgWWTs34c-4?t=2227\" target=\"_blank\" rel=\"noopener\">13. IFS leveransmodell och molnstrategi f\u00f6r IFS Cloud<\/a><br \/>\n<a href=\"https:\/\/youtu.be\/SgWWTs34c-4?t=2404\" target=\"_blank\" rel=\"noopener\">14. Kundernas allt tydligare fokus p\u00e5 v\u00e4rde och effektm\u00e5l i upphandlingar<\/a><br \/>\n<\/span><span class=\"style-scope yt-formatted-string\" dir=\"auto\"><a href=\"https:\/\/youtu.be\/SgWWTs34c-4?t=2492\" target=\"_blank\" rel=\"noopener\">15. Om konkurrenter och att vinna aff\u00e4rer<\/a><br \/>\n<\/span><span class=\"style-scope yt-formatted-string\" dir=\"auto\"><a href=\"https:\/\/youtu.be\/SgWWTs34c-4?t=2726\" target=\"_blank\" rel=\"noopener\">16. Framtidsambitioner f\u00f6r IFS<\/a><br \/>\n<\/span><span class=\"style-scope yt-formatted-string\" dir=\"auto\"><a href=\"https:\/\/youtu.be\/SgWWTs34c-4?t=2903\" target=\"_blank\" rel=\"noopener\">17. Avslut<\/a><br \/>\n<\/span><\/h5>\n","protected":false},"excerpt":{"rendered":"<p>Jonas Andersson p\u00e5 HerbertNathan &#038; Co intervjuar Ann-Kristin Sander, VD f\u00f6r IFS Nordics, f\u00f6r att prata om IFS resa fram till idag, de planer som finns de n\u00e4rmaste \u00e5ren och om aff\u00e4rssystemet IFS Cloud.<\/p>\n","protected":false},"author":89,"featured_media":38639,"comment_status":"closed","ping_status":"open","sticky":false,"template":"","format":"video","meta":{"_acf_changed":false,"slim_seo":{"title":"HerbertNathan & Co tar pulsen p\u00e5 Ann-Kristin Sander, VD p\u00e5 IFS Nordics - HerbertNathan &amp; Co","description":"Jonas Andersson p\u00e5 HerbertNathan & Co intervjuar Ann-Kristin Sander, VD f\u00f6r IFS Nordics, f\u00f6r att prata om IFS resa fram till idag, de planer som finns de n\u00e4rmas"},"footnotes":""},"categories":[1708],"tags":[1740,1932,2641],"class_list":["post-40663","post","type-post","status-publish","format-video","has-post-thumbnail","hentry","category-erp","tag-ifs","tag-ifs-applications","tag-ifs-cloud","post_format-post-format-video","formats-video","formats-intervjuer"],"acf":[],"_links":{"self":[{"href":"https:\/\/www.herbertnathan.com\/sv\/wp-json\/wp\/v2\/posts\/40663","targetHints":{"allow":["GET"]}}],"collection":[{"href":"https:\/\/www.herbertnathan.com\/sv\/wp-json\/wp\/v2\/posts"}],"about":[{"href":"https:\/\/www.herbertnathan.com\/sv\/wp-json\/wp\/v2\/types\/post"}],"author":[{"embeddable":true,"href":"https:\/\/www.herbertnathan.com\/sv\/wp-json\/wp\/v2\/users\/89"}],"replies":[{"embeddable":true,"href":"https:\/\/www.herbertnathan.com\/sv\/wp-json\/wp\/v2\/comments?post=40663"}],"version-history":[{"count":2,"href":"https:\/\/www.herbertnathan.com\/sv\/wp-json\/wp\/v2\/posts\/40663\/revisions"}],"predecessor-version":[{"id":40758,"href":"https:\/\/www.herbertnathan.com\/sv\/wp-json\/wp\/v2\/posts\/40663\/revisions\/40758"}],"wp:featuredmedia":[{"embeddable":true,"href":"https:\/\/www.herbertnathan.com\/sv\/wp-json\/wp\/v2\/media\/38639"}],"wp:attachment":[{"href":"https:\/\/www.herbertnathan.com\/sv\/wp-json\/wp\/v2\/media?parent=40663"}],"wp:term":[{"taxonomy":"category","embeddable":true,"href":"https:\/\/www.herbertnathan.com\/sv\/wp-json\/wp\/v2\/categories?post=40663"},{"taxonomy":"post_tag","embeddable":true,"href":"https:\/\/www.herbertnathan.com\/sv\/wp-json\/wp\/v2\/tags?post=40663"}],"curies":[{"name":"wp","href":"https:\/\/api.w.org\/{rel}","templated":true}]}}