
{"id":41924,"date":"2023-11-01T09:20:08","date_gmt":"2023-11-01T08:20:08","guid":{"rendered":"https:\/\/www.herbertnathan.com\/2023\/11\/01\/round-table-erp-tema-retail-copy\/"},"modified":"2023-11-01T09:47:03","modified_gmt":"2023-11-01T08:47:03","slug":"round-table-erp-tema-offentlig-sektor","status":"publish","type":"post","link":"https:\/\/www.herbertnathan.com\/sv\/2023\/11\/01\/round-table-erp-tema-offentlig-sektor\/","title":{"rendered":"Round Table ERP &#8211; TEMA: Offentlig sektor"},"content":{"rendered":"<p>I v\u00e5r serie Round Table ERP samlar vi experter fr\u00e5n branschen f\u00f6r att diskutera aktuella fr\u00e5gest\u00e4llningar inom omr\u00e5det Aff\u00e4rssystem. Fr\u00e5gor och teman som \u00e4r intressanta och viktiga f\u00f6r s\u00e5v\u00e4l kunderna som f\u00f6r leverant\u00f6rerna.<\/p>\n<p>&nbsp;<\/p>\n<p>Tema f\u00f6r denna session \u00e4r \u201dEkonomisystem i offentlig sektor\u201d. Ett sp\u00e4nnande \u00e4mne d\u00e4r vi riktar in oss p\u00e5 en specifik branschvertikal.<\/p>\n<p>&nbsp;<\/p>\n<p>Till detta samtal har vi samlat representanter fr\u00e5n b\u00e5de kundsidan och leverant\u00f6rssidan inom offentlig sektor. I panelen har vi med oss:<\/p>\n<p>&nbsp;<\/p>\n<ul>\n<li>Per Swanstr\u00f6m, F\u00f6rvaltningsledare p\u00e5 S\u00f6dert\u00e4lje kommun<\/li>\n<li>Anneli Lehtinen, Redovisningschef p\u00e5 S\u00f6dert\u00e4lje kommun<\/li>\n<li>Andreas Nylund, Director Presale &amp; Product strategy p\u00e5 CGI<\/li>\n<li>Urban Danielsson, Senior Solution Architect p\u00e5 Unit4<\/li>\n<\/ul>\n<p>&nbsp;<\/p>\n<p>Moderator \u00e4r Jonas Andersson, VD p\u00e5 HerbertNathan &amp; Co<\/p>\n<p>&nbsp;<\/p>\n<p><code><iframe loading=\"lazy\" title=\"YouTube video player\" src=\"https:\/\/www.youtube.com\/embed\/e8IOTf_xIXE?si=yjSDZjtdpc91fOL0?rel=0\" width=\"560\" height=\"315\" frameborder=\"0\" allowfullscreen=\"allowfullscreen\"><span data-mce-type=\"bookmark\" style=\"display: inline-block; width: 0px; overflow: hidden; line-height: 0;\" class=\"mce_SELRES_start\">\ufeff<\/span><\/iframe><\/code><\/p>\n<p>&nbsp;<\/p>\n<h2>Samtalets olika kapitel<\/h2>\n<h5><a href=\"https:\/\/youtu.be\/e8IOTf_xIXE?t=0&amp;si=0o_CtfhRXwnmuvVF\" target=\"_blank\" rel=\"noopener\"><span class=\"style-scope yt-formatted-string\" dir=\"auto\">1. Introduktion <\/span><\/a><\/h5>\n<h5><a href=\"https:\/\/youtu.be\/e8IOTf_xIXE?t=63&amp;si=t0vfaqV2Qh4cBXr3\" target=\"_blank\" rel=\"noopener\"><span class=\"style-scope yt-formatted-string\" dir=\"auto\">2. Presentation av samtliga deltagare <\/span><\/a><\/h5>\n<h5><a href=\"https:\/\/youtu.be\/e8IOTf_xIXE?t=174&amp;si=4dI0ScJg5ngzHFCt\" target=\"_blank\" rel=\"noopener\"><span class=\"style-scope yt-formatted-string\" dir=\"auto\">3. Introduktion till samtalets tema <\/span><\/a><\/h5>\n<h5><a href=\"https:\/\/youtu.be\/e8IOTf_xIXE?t=313&amp;si=uzr2j4QtcVhH6vaT\" target=\"_blank\" rel=\"noopener\"><span class=\"style-scope yt-formatted-string\" dir=\"auto\">4. Hur stor \u00e4r viljan (inom offentlig sektor) att vara proaktiv i utveckling och effektivisering av ekonomiprocesserna? <\/span><\/a><\/h5>\n<h5><a href=\"https:\/\/youtu.be\/e8IOTf_xIXE?t=524&amp;si=iSY76BVIy-AibElY\" target=\"_blank\" rel=\"noopener\"><span class=\"style-scope yt-formatted-string\" dir=\"auto\">5. Vilken typ av satsningar\/investeringar efterfr\u00e5gar kunderna? <\/span><\/a><\/h5>\n<h5><a href=\"https:\/\/youtu.be\/e8IOTf_xIXE?t=584&amp;si=w3UL6JmrCF8WG511\" target=\"_blank\" rel=\"noopener\"><span class=\"style-scope yt-formatted-string\" dir=\"auto\">6. Vilken typ av nyttor kan vi se uppst\u00e5 med dessa effektiviseringar? <\/span><\/a><\/h5>\n<h5><a href=\"https:\/\/youtu.be\/e8IOTf_xIXE?t=655&amp;si=jhzZvvVFjnBD8E_2\" target=\"_blank\" rel=\"noopener\"><span class=\"style-scope yt-formatted-string\" dir=\"auto\">7. Finns det n\u00e5got kvar att effektivisera n\u00e4r det g\u00e4ller de ekonomi-administrativa processerna inom offentlig sektor? <\/span><\/a><\/h5>\n<h5><a href=\"https:\/\/youtu.be\/e8IOTf_xIXE?t=811&amp;si=FPimk-LbO04COvTn\" target=\"_blank\" rel=\"noopener\"><span class=\"style-scope yt-formatted-string\" dir=\"auto\">8. Finns det en vilja till f\u00f6r\u00e4ndring inom offentlig sektor? <\/span><\/a><\/h5>\n<h5><a href=\"https:\/\/youtu.be\/e8IOTf_xIXE?t=878&amp;si=qOkHuFzAUeD_euV4\" target=\"_blank\" rel=\"noopener\"><span class=\"style-scope yt-formatted-string\" dir=\"auto\">9. \u00c4r det sv\u00e5rt att driva f\u00f6r\u00e4ndring i en decentraliserad verksamhet, s\u00e5som offentlig sektor? <\/span><\/a><\/h5>\n<h5><a href=\"https:\/\/youtu.be\/e8IOTf_xIXE?t=961&amp;si=2r0fubKRRHZ_TwTo\" target=\"_blank\" rel=\"noopener\"><span class=\"style-scope yt-formatted-string\" dir=\"auto\">10. \u00c4r f\u00f6r\u00e4ndringsben\u00e4genhet en generationsfr\u00e5ga? <\/span><\/a><\/h5>\n<h5><a href=\"https:\/\/youtu.be\/e8IOTf_xIXE?t=1120&amp;si=QM5Ytv9a-iRNlUZw\" target=\"_blank\" rel=\"noopener\"><span class=\"style-scope yt-formatted-string\" dir=\"auto\">11. Introduktion till n\u00e4sta \u00e4mne: RPA <\/span><\/a><\/h5>\n<h5><a href=\"https:\/\/youtu.be\/e8IOTf_xIXE?t=1161&amp;si=r4czdCAAGiW05Esw\" target=\"_blank\" rel=\"noopener\"><span class=\"style-scope yt-formatted-string\" dir=\"auto\">12. Hur mycket har S\u00f6dert\u00e4lje kommun satsat p\u00e5 RPA? <\/span><\/a><\/h5>\n<h5><a href=\"https:\/\/youtu.be\/e8IOTf_xIXE?t=1270&amp;si=kgDLszO74ph2upRr\" target=\"_blank\" rel=\"noopener\"><span class=\"style-scope yt-formatted-string\" dir=\"auto\">13. RPA eller AI? <\/span><\/a><\/h5>\n<h5><a href=\"https:\/\/youtu.be\/e8IOTf_xIXE?t=1389&amp;si=WfP7Iq-mwdDGQWL3\" target=\"_blank\" rel=\"noopener\"><span class=\"style-scope yt-formatted-string\" dir=\"auto\">14. \u00c4r leverant\u00f6rerna tillr\u00e4ckligt drivande i utvecklingen f\u00f6r att m\u00f6ta kundernas behov? <\/span><\/a><\/h5>\n<h5><a href=\"https:\/\/youtu.be\/e8IOTf_xIXE?t=1458&amp;si=VFBdMSP1S1AuDeln\" target=\"_blank\" rel=\"noopener\"><span class=\"style-scope yt-formatted-string\" dir=\"auto\">15. \u00c4r kunderna tillr\u00e4ckligt drivande i sina krav f\u00f6r att f\u00f6ra utvecklingen fram\u00e5t? <\/span><\/a><\/h5>\n<h5><a href=\"https:\/\/youtu.be\/e8IOTf_xIXE?t=1688&amp;si=DHv_ecnN8k0BWyx2\" target=\"_blank\" rel=\"noopener\"><span class=\"style-scope yt-formatted-string\" dir=\"auto\">16. Har intresset att samverka \u00f6kat under \u00e5rens lopp? <\/span><\/a><\/h5>\n<h5><a href=\"https:\/\/youtu.be\/e8IOTf_xIXE?t=1822&amp;si=yyCYoQ99yOxyProz\" target=\"_blank\" rel=\"noopener\"><span class=\"style-scope yt-formatted-string\" dir=\"auto\">17. I vilken grad h\u00e4mtar offentlig verksamhet inspiration fr\u00e5n privat verksamhet n\u00e4r det g\u00e4ller utveckling av processer och \u00f6kad digitalisering? <\/span><\/a><\/h5>\n<h5><a href=\"https:\/\/youtu.be\/e8IOTf_xIXE?t=1963&amp;si=GD40eW7ISZycsQ4U\" target=\"_blank\" rel=\"noopener\">18.<span class=\"style-scope yt-formatted-string\" dir=\"auto\">\u00a0Kan vi peka p\u00e5 konkreta funktioner som \u00e4r unika f\u00f6r offentlig sektor? <\/span><\/a><\/h5>\n<h5><a href=\"https:\/\/youtu.be\/e8IOTf_xIXE?t=2188&amp;si=eJ6qgWs8OCLPc1qC\" target=\"_blank\" rel=\"noopener\"><span class=\"style-scope yt-formatted-string\" dir=\"auto\">19. Hur stor roll spelar leverant\u00f6ren kontra systemet i valet av nytt system? <\/span><\/a><\/h5>\n<h5><a href=\"https:\/\/youtu.be\/e8IOTf_xIXE?t=2323&amp;si=f4NlrNEswtD9wYey\" target=\"_blank\" rel=\"noopener\"><span class=\"style-scope yt-formatted-string\" dir=\"auto\">20.\u00a0 Kan vi peka p\u00e5 konkreta exempel d\u00e4r AI kan bidra till \u00f6kad nytta f\u00f6r verksamheten? <\/span><\/a><\/h5>\n<h5><a href=\"https:\/\/youtu.be\/e8IOTf_xIXE?t=2518&amp;si=ipgnOwBZZ1R7DE8s\" target=\"_blank\" rel=\"noopener\"><span class=\"style-scope yt-formatted-string\" dir=\"auto\">21. Hur ser intresset f\u00f6r AI ut p\u00e5 kundsidan? <\/span><\/a><\/h5>\n<h5><a href=\"https:\/\/youtu.be\/e8IOTf_xIXE?t=2630&amp;si=VI9ciqbKmeHJ0vnI\" target=\"_blank\" rel=\"noopener\"><span class=\"style-scope yt-formatted-string\" dir=\"auto\">22. Hur guidar leverant\u00f6rerna sina kunder i denna fr\u00e5ga? <\/span><\/a><\/h5>\n<h5><a href=\"https:\/\/youtu.be\/e8IOTf_xIXE?t=2832&amp;si=cHMZnfSvSF3mOueK\" target=\"_blank\" rel=\"noopener\"><span class=\"style-scope yt-formatted-string\" dir=\"auto\">23. St\u00e4mmer det att AI har gjort v\u00e5r data viktigare \u00e4n n\u00e5gonsin? <\/span><\/a><\/h5>\n<h5><a href=\"https:\/\/youtu.be\/e8IOTf_xIXE?t=2880&amp;si=hLqkqXVD0OFTb4Qo\" target=\"_blank\" rel=\"noopener\"><span class=\"style-scope yt-formatted-string\" dir=\"auto\">24. Panelens goda r\u00e5d till kunder inom offentlig verksamhet som planerar f\u00f6r ett framtida aff\u00e4rssystem <\/span><\/a><\/h5>\n<h5><a href=\"https:\/\/youtu.be\/e8IOTf_xIXE?t=3112&amp;si=B6l1AW127EdboohU\" target=\"_blank\" rel=\"noopener\"><span class=\"style-scope yt-formatted-string\" dir=\"auto\">25. Avslut<\/span><\/a><\/h5>\n<p>&nbsp;<\/p>\n<p><a class=\"button blue\" href=\"https:\/\/www.herbertnathan.com\/sv\/insight\/?_sft_category=erp\">Mer p\u00e5 temat aff\u00e4rssystem<\/a><\/p>\n","protected":false},"excerpt":{"rendered":"<p>I v\u00e5r serie Round Table ERP diskuterar vi fr\u00e5gest\u00e4llningar inom omr\u00e5det Aff\u00e4rssystem tillsammans med branschexperter. Till denna session har vi bjudit in representanter fr\u00e5n b\u00e5de kundsidan och leverant\u00f6rssidan inom offentlig sektor.<\/p>\n","protected":false},"author":89,"featured_media":37763,"comment_status":"closed","ping_status":"open","sticky":false,"template":"","format":"video","meta":{"_acf_changed":false,"slim_seo":{"title":"Round Table ERP - TEMA: Offentlig sektor - HerbertNathan &amp; Co","description":"I v\u00e5r serie Round Table ERP diskuterar vi fr\u00e5gest\u00e4llningar inom omr\u00e5det Aff\u00e4rssystem tillsammans med branschexperter. Till denna session har vi bjudit in repres"},"footnotes":""},"categories":[1708],"tags":[1752,1753,1792,2770,1728],"class_list":["post-41924","post","type-post","status-publish","format-video","has-post-thumbnail","hentry","category-erp","tag-cgi","tag-raindance","tag-offentlig-sektor","tag-unit4-erp","tag-unit4","post_format-post-format-video","formats-intervjuer","formats-round-table","formats-video"],"acf":[],"_links":{"self":[{"href":"https:\/\/www.herbertnathan.com\/sv\/wp-json\/wp\/v2\/posts\/41924","targetHints":{"allow":["GET"]}}],"collection":[{"href":"https:\/\/www.herbertnathan.com\/sv\/wp-json\/wp\/v2\/posts"}],"about":[{"href":"https:\/\/www.herbertnathan.com\/sv\/wp-json\/wp\/v2\/types\/post"}],"author":[{"embeddable":true,"href":"https:\/\/www.herbertnathan.com\/sv\/wp-json\/wp\/v2\/users\/89"}],"replies":[{"embeddable":true,"href":"https:\/\/www.herbertnathan.com\/sv\/wp-json\/wp\/v2\/comments?post=41924"}],"version-history":[{"count":2,"href":"https:\/\/www.herbertnathan.com\/sv\/wp-json\/wp\/v2\/posts\/41924\/revisions"}],"predecessor-version":[{"id":41929,"href":"https:\/\/www.herbertnathan.com\/sv\/wp-json\/wp\/v2\/posts\/41924\/revisions\/41929"}],"wp:featuredmedia":[{"embeddable":true,"href":"https:\/\/www.herbertnathan.com\/sv\/wp-json\/wp\/v2\/media\/37763"}],"wp:attachment":[{"href":"https:\/\/www.herbertnathan.com\/sv\/wp-json\/wp\/v2\/media?parent=41924"}],"wp:term":[{"taxonomy":"category","embeddable":true,"href":"https:\/\/www.herbertnathan.com\/sv\/wp-json\/wp\/v2\/categories?post=41924"},{"taxonomy":"post_tag","embeddable":true,"href":"https:\/\/www.herbertnathan.com\/sv\/wp-json\/wp\/v2\/tags?post=41924"}],"curies":[{"name":"wp","href":"https:\/\/api.w.org\/{rel}","templated":true}]}}