
{"id":43425,"date":"2024-06-17T09:55:35","date_gmt":"2024-06-17T07:55:35","guid":{"rendered":"https:\/\/www.herbertnathan.com\/2024\/06\/17\/herbertnathan-co-tar-pulsen-pa-pavel-carballo-oracle-copy\/"},"modified":"2024-06-17T11:52:04","modified_gmt":"2024-06-17T09:52:04","slug":"herbertnathan-co-tar-pulsen-pa-mattias-bratt-pa-specter","status":"publish","type":"post","link":"https:\/\/www.herbertnathan.com\/sv\/2024\/06\/17\/herbertnathan-co-tar-pulsen-pa-mattias-bratt-pa-specter\/","title":{"rendered":"HerbertNathan &#038; Co tar pulsen p\u00e5 Mattias Bratt, VD p\u00e5 Specter"},"content":{"rendered":"<p><a href=\"https:\/\/www.herbertnathan.com\/sv\/author\/jonas-andersson\/\" target=\"_blank\" rel=\"noopener\">Jonas Andersson<\/a> p\u00e5 HerbertNathan &amp; Co intervjuar <a href=\"https:\/\/www.linkedin.com\/in\/mattias-bratt-80361793\/\" target=\"_blank\" rel=\"noopener\">Mattias Bratt<\/a>, VD p\u00e5 <a href=\"https:\/\/specter.se\/\" target=\"_blank\" rel=\"noopener\">Specter<\/a>, f\u00f6r att prata d\u00e5tid, nutid och framtid f\u00f6r Specter och deras l\u00f6sning inom ERP.<\/p>\n<p>&nbsp;<\/p>\n<p>Specter \u00e4r ett svenskt, molnbaserat aff\u00e4rssystem med fokus p\u00e5 e-handel. Systemet, som har funnits sedan 2004, \u00e4gs sedan 2020 av Visma. Systemet har fr\u00e4mst st\u00f6d inom Order, Lager, Ink\u00f6p och POS och m\u00e5lgruppen \u00e4r sm\u00e5 och medelstora e-handelsbolag inom B2B och B2C med en eller flera s\u00e4ljkanaler.<\/p>\n<p>&nbsp;<\/p>\n<p>Intervjun med Mattias ger dig en bra bild \u00f6ver Specters erbjudande till marknaden, det arbete som just nu p\u00e5g\u00e5r med att bygga om systemet inf\u00f6r framtiden och vad det har inneburit att f\u00e5 Visma som \u00e4gare. Du f\u00e5r ocks\u00e5 veta mer om Specters prim\u00e4ra m\u00e5lgrupp och hur Specter ser p\u00e5 AI i samband med p\u00e5g\u00e5ende &#8221;renovering&#8221; av applikationen.<\/p>\n<p>&nbsp;<\/p>\n<p>&nbsp;<\/p>\n<p><code><iframe loading=\"lazy\" title=\"YouTube video player\" src=\"https:\/\/www.youtube.com\/embed\/tTygoQpH540?si=DZR4_DlPWqxNVkL5?rel=0\" width=\"560\" height=\"315\" frameborder=\"0\" allowfullscreen=\"allowfullscreen\"><\/iframe><\/code><\/p>\n<p>&nbsp;<\/p>\n<h2>Intervjuns olika kapitel:<\/h2>\n<h5><a href=\"https:\/\/youtu.be\/tTygoQpH540?t=0&amp;si=GDtAl0J7kP7RwSGf\" target=\"_blank\" rel=\"noopener\">1. Introduktion<\/a><br \/>\n<a href=\"https:\/\/youtu.be\/tTygoQpH540?t=41&amp;si=OBsgR_TyHbDiuFcQ\" target=\"_blank\" rel=\"noopener\">2. Mattias ber\u00e4ttar om sin bakgrund<\/a><br \/>\n<a href=\"https:\/\/youtu.be\/tTygoQpH540?t=81&amp;si=ZrMpw1m36idBDGEX\" target=\"_blank\" rel=\"noopener\">3. Introduktion till Specter<\/a><br \/>\n<a href=\"https:\/\/youtu.be\/tTygoQpH540?t=155&amp;si=HCU6ffNyEG56dkCN\" target=\"_blank\" rel=\"noopener\">4. Kort fakta om Specter idag<\/a><br \/>\n<a href=\"https:\/\/youtu.be\/tTygoQpH540?t=239&amp;si=9FzA-Q_zKqfGaDe9\" target=\"_blank\" rel=\"noopener\">5. Mattias om Specters minskade tillv\u00e4xt de senaste \u00e5ren<\/a><br \/>\n<a href=\"https:\/\/youtu.be\/tTygoQpH540?t=310&amp;si=FvLn8PqDh_YtwGfC\" target=\"_blank\" rel=\"noopener\">6. Specter \u00e4gs av Visma sedan 2020, vad har det inneburit f\u00f6r verksamheten?<\/a><br \/>\n<a href=\"https:\/\/youtu.be\/tTygoQpH540?t=406&amp;si=DdWwsb_rGAcxpfcy\" target=\"_blank\" rel=\"noopener\">7. Hur kan Specter dra f\u00f6rdel av Visma som \u00e4gare?<\/a><br \/>\n<a href=\"https:\/\/youtu.be\/tTygoQpH540?t=450&amp;si=ljfgQbFZd938EM7H\" target=\"_blank\" rel=\"noopener\">8. Hur ser Specters produkterbjudande ut idag?<\/a><br \/>\n<a href=\"https:\/\/youtu.be\/tTygoQpH540?t=538&amp;si=55MwusMUCTKkRMHV\" target=\"_blank\" rel=\"noopener\">9. \u00c4r integrationer fortfarande ett viktigt utvecklingsomr\u00e5de eller har fokus skiftat?<\/a><br \/>\n<a href=\"https:\/\/youtu.be\/tTygoQpH540?t=671&amp;si=5IAO76njYJEO9Cae\" target=\"_blank\" rel=\"noopener\">10. Vad \u00e4r Specters \u201dstyrka\u201d och hur ser konkurrensen ut?<\/a><br \/>\n<a href=\"https:\/\/youtu.be\/tTygoQpH540?t=820&amp;si=JULwvD7ocFv_4Xnl\" target=\"_blank\" rel=\"noopener\">11. Exempel p\u00e5 prioriterad utveckling inf\u00f6r framtiden<\/a><br \/>\n<a href=\"https:\/\/youtu.be\/tTygoQpH540?t=905&amp;si=7M6yRvJP0snMom-y\" target=\"_blank\" rel=\"noopener\">12. Kundernas behov g\u00e4llande funktionalitet, leveransmodell och s\u00e4kerhet idag j\u00e4mf\u00f6rt med tidigare<\/a><br \/>\n<a href=\"https:\/\/youtu.be\/tTygoQpH540?t=1134&amp;si=5ooPZsWTc8Snnk3e\" target=\"_blank\" rel=\"noopener\">13. Vilket budskap ger Specter g\u00e4llande AI?<\/a><br \/>\n<a href=\"https:\/\/youtu.be\/tTygoQpH540?t=1324&amp;si=E4CvpmpC-XwqKO9J\" target=\"_blank\" rel=\"noopener\">14. Specters prim\u00e4ra m\u00e5lgrupp<\/a><br \/>\n<a href=\"https:\/\/youtu.be\/tTygoQpH540?t=1444&amp;si=6UwbTiAMSR25pveL\" target=\"_blank\" rel=\"noopener\">15. Vad \u00e4r det som g\u00f6r att vissa kunder &#8221;v\u00e4xer ur&#8221; Specter?<\/a><br \/>\n<a href=\"https:\/\/youtu.be\/tTygoQpH540?t=1582&amp;si=lpxO7Cnl6w0Uk2iG\" target=\"_blank\" rel=\"noopener\">16. P\u00e5 vilket s\u00e4tt har konkurrensen p\u00e5 marknaden f\u00f6r\u00e4ndrats de senaste \u00e5ren?<\/a><br \/>\n<a href=\"https:\/\/youtu.be\/tTygoQpH540?t=1633&amp;si=H4PBgU89lvd242uv\" target=\"_blank\" rel=\"noopener\">17. Hur mycket \u00e4r \u201dplug &amp; play\u201d i implementeringen?<\/a><br \/>\n<a href=\"https:\/\/youtu.be\/tTygoQpH540?t=1745&amp;si=Iso36RfAHlNrggrq\" target=\"_blank\" rel=\"noopener\">18. Vad \u00e4r ambitionen n\u00e4r det g\u00e4ller leverans i egen regi vs via partners?<\/a><br \/>\n<a href=\"https:\/\/youtu.be\/tTygoQpH540?t=1839&amp;si=Cy8TzLyiKYOvKdpY\" target=\"_blank\" rel=\"noopener\">19. Vad s\u00e4ger de n\u00f6jda och vad saknar de kunder som inte \u00e4r helt n\u00f6jda?<\/a><br \/>\n<a href=\"https:\/\/youtu.be\/tTygoQpH540?t=1912&amp;si=ma9W39ihDgb-e5Pg\" target=\"_blank\" rel=\"noopener\">20. Vad \u00e4r ambitionen f\u00f6r Specter och vad kommer du som VD fokusera p\u00e5 de n\u00e4rmaste \u00e5ren?<\/a><br \/>\n<a href=\"https:\/\/youtu.be\/tTygoQpH540?t=2040&amp;si=mwFyAuDYamXJCnsm\" target=\"_blank\" rel=\"noopener\">21. Avslut<\/a><\/h5>\n","protected":false},"excerpt":{"rendered":"<p>Jonas Andersson p\u00e5 HerbertNathan &#038; Co intervjuar Mattias Bratt p\u00e5 Specter. H\u00f6r mer om Specters aff\u00e4rssystem f\u00f6r bolag inom E-handel och vad de just nu g\u00f6r f\u00f6r att framtidss\u00e4kra sin produkt.<\/p>\n","protected":false},"author":89,"featured_media":42484,"comment_status":"closed","ping_status":"open","sticky":false,"template":"","format":"video","meta":{"_acf_changed":false,"slim_seo":{"title":"HerbertNathan & Co tar pulsen p\u00e5 Mattias Bratt, VD p\u00e5 Specter - HerbertNathan &amp; Co","description":"Jonas Andersson p\u00e5 HerbertNathan & Co intervjuar Mattias Bratt p\u00e5 Specter. H\u00f6r mer om Specters aff\u00e4rssystem f\u00f6r bolag inom E-handel och vad de just nu g\u00f6r f\u00f6r a"},"footnotes":""},"categories":[1708],"tags":[1746,1976],"class_list":["post-43425","post","type-post","status-publish","format-video","has-post-thumbnail","hentry","category-erp","tag-specter","tag-specter-business-management","post_format-post-format-video","formats-video","formats-intervjuer"],"acf":[],"_links":{"self":[{"href":"https:\/\/www.herbertnathan.com\/sv\/wp-json\/wp\/v2\/posts\/43425","targetHints":{"allow":["GET"]}}],"collection":[{"href":"https:\/\/www.herbertnathan.com\/sv\/wp-json\/wp\/v2\/posts"}],"about":[{"href":"https:\/\/www.herbertnathan.com\/sv\/wp-json\/wp\/v2\/types\/post"}],"author":[{"embeddable":true,"href":"https:\/\/www.herbertnathan.com\/sv\/wp-json\/wp\/v2\/users\/89"}],"replies":[{"embeddable":true,"href":"https:\/\/www.herbertnathan.com\/sv\/wp-json\/wp\/v2\/comments?post=43425"}],"version-history":[{"count":2,"href":"https:\/\/www.herbertnathan.com\/sv\/wp-json\/wp\/v2\/posts\/43425\/revisions"}],"predecessor-version":[{"id":43432,"href":"https:\/\/www.herbertnathan.com\/sv\/wp-json\/wp\/v2\/posts\/43425\/revisions\/43432"}],"wp:featuredmedia":[{"embeddable":true,"href":"https:\/\/www.herbertnathan.com\/sv\/wp-json\/wp\/v2\/media\/42484"}],"wp:attachment":[{"href":"https:\/\/www.herbertnathan.com\/sv\/wp-json\/wp\/v2\/media?parent=43425"}],"wp:term":[{"taxonomy":"category","embeddable":true,"href":"https:\/\/www.herbertnathan.com\/sv\/wp-json\/wp\/v2\/categories?post=43425"},{"taxonomy":"post_tag","embeddable":true,"href":"https:\/\/www.herbertnathan.com\/sv\/wp-json\/wp\/v2\/tags?post=43425"}],"curies":[{"name":"wp","href":"https:\/\/api.w.org\/{rel}","templated":true}]}}