
{"id":46263,"date":"2025-09-29T07:00:06","date_gmt":"2025-09-29T05:00:06","guid":{"rendered":"https:\/\/www.herbertnathan.com\/?p=46263"},"modified":"2025-09-24T15:13:29","modified_gmt":"2025-09-24T13:13:29","slug":"herbertnathan-co-tar-pulsen-pa-mathias-dyberg-pa-elvenite","status":"publish","type":"post","link":"https:\/\/www.herbertnathan.com\/sv\/2025\/09\/29\/herbertnathan-co-tar-pulsen-pa-mathias-dyberg-pa-elvenite\/","title":{"rendered":"HerbertNathan &#038; Co tar pulsen p\u00e5 Mathias Dyberg p\u00e5 Elvenite"},"content":{"rendered":"<p><a href=\"https:\/\/www.herbertnathan.com\/sv\/author\/jonas-andersson\/\">Jonas Andersson<\/a> p\u00e5 HerbertNathan &amp; Co intervjuar <a href=\"https:\/\/www.linkedin.com\/in\/mathiasdyberg\/\" target=\"_blank\" rel=\"noopener\">Mathias Dyberg<\/a>, VD p\u00e5 <a href=\"https:\/\/elvenite.se\/\" target=\"_blank\" rel=\"noopener\">Elvenite<\/a>.<\/p>\n<p>&nbsp;<\/p>\n<p>Elvenite, som grundades 2007, \u00e4r ett IT-konsultbolag som levererar tj\u00e4nster kopplat till ERP, Data Intelligence och Managed Services. Elvenite \u00e4r idag ca 200 anst\u00e4llda f\u00f6rdelade p\u00e5 7 kontor i Stockholm, G\u00f6teborg, Malm\u00f6, Link\u00f6ping, Karlstad och Helsingfors. I januari 2025 gick Elvenite samman med M3CS och bildade Nordens ledande Infor M3-partner. Elvenite har branschfokus inom Manufacturing, Food &amp; Beverage, Retail &amp; Distribution samt Fashion och Equipment.<\/p>\n<p>&nbsp;<\/p>\n<p>Intervjun med Mathias ger dig en bra bild \u00f6ver Elvenites strategi, aff\u00e4rsid\u00e9 och erbjudande till marknaden och t\u00e4cker \u00e4mnen s\u00e5 som f\u00f6retagets utveckling, m\u00e5lgrupp, AI-strategi och framtidsplaner.<\/p>\n<p>&nbsp;<\/p>\n<p><code><iframe loading=\"lazy\" title=\"YouTube video player\" src=\"https:\/\/www.youtube.com\/embed\/CVjGbEh9IFE?si=NbF3K5jzwFzHiBGK\" width=\"560\" height=\"315\" frameborder=\"0\" allowfullscreen=\"allowfullscreen\"><\/iframe><\/code><\/p>\n<p>&nbsp;<\/p>\n<h2>Intervjuns olika kapitel:<\/h2>\n<h5><a href=\"https:\/\/youtu.be\/CVjGbEh9IFE?t=0&amp;si=rknRrjeVWh5J7CGO\" target=\"_blank\" rel=\"noopener\">1. Introduktion<\/a><br \/>\n<a href=\"https:\/\/youtu.be\/CVjGbEh9IFE?t=39&amp;si=zUvZZFZ4czotVaOm\" target=\"_blank\" rel=\"noopener\">2. Mathias ber\u00e4ttar om sin bakgrund<\/a><br \/>\n<a href=\"https:\/\/youtu.be\/CVjGbEh9IFE?t=101&amp;si=LniL7Eur3UZz9MYk\" target=\"_blank\" rel=\"noopener\">3. Bakgrunden till Elvenite och historiken fram till idag<\/a><br \/>\n<a href=\"https:\/\/youtu.be\/CVjGbEh9IFE?t=282&amp;si=H1u_hOT6MOcgMec7\" target=\"_blank\" rel=\"noopener\">4. Om strategin kring att vara partner till Infor<\/a><br \/>\n<a href=\"https:\/\/youtu.be\/CVjGbEh9IFE?t=519&amp;si=fwvennjIVd50W9ZZ\" target=\"_blank\" rel=\"noopener\">5. Fakta om Elvenite som bolag<\/a><br \/>\n<a href=\"https:\/\/youtu.be\/CVjGbEh9IFE?t=580&amp;si=Jo4eg00sDsUuhVPm\" target=\"_blank\" rel=\"noopener\">6. Kort sammanfattning om Elvenites \u00e4gare, CombinedX<\/a><br \/>\n<a href=\"https:\/\/youtu.be\/CVjGbEh9IFE?t=647&amp;si=qzz9peG1x9GRAIlX\" target=\"_blank\" rel=\"noopener\">7. Dialog om kompetens och industrivertikaler<\/a><br \/>\n<a href=\"https:\/\/youtu.be\/CVjGbEh9IFE?t=769&amp;si=TpNLN4v62yCQEAdc\" target=\"_blank\" rel=\"noopener\">8. Hur Elvenite f\u00f6rbereder sig och sina kunder p\u00e5 framtiden &#8211; del 1<\/a><br \/>\n<a href=\"https:\/\/youtu.be\/CVjGbEh9IFE?t=902&amp;si=wlipG4vAzuf5YGUT\" target=\"_blank\" rel=\"noopener\">9. Dialog om kompetensf\u00f6rs\u00f6rjning och tillg\u00e5ngen p\u00e5 kompetens<\/a><br \/>\n<a href=\"https:\/\/youtu.be\/CVjGbEh9IFE?t=1051&amp;si=PWsg4siWNFV0ABNy\" target=\"_blank\" rel=\"noopener\">10. Dialog om hur Elvenite f\u00f6rbereder sig och sina kunder p\u00e5 framtiden &#8211; del 2<\/a><br \/>\n<a href=\"https:\/\/youtu.be\/CVjGbEh9IFE?t=1399&amp;si=Ze-7JfgfGtQ_zhf1\" target=\"_blank\" rel=\"noopener\">11. Dialog om de f\u00f6r\u00e4ndringar vi ser fram\u00e5t n\u00e4r det g\u00e4ller Aff\u00e4rssystem, molnet och AI<\/a><br \/>\n<a href=\"https:\/\/youtu.be\/CVjGbEh9IFE?t=1538&amp;si=M2xuSk99zUy_t6Ua\" target=\"_blank\" rel=\"noopener\">12. Hur Elvenite tacklar kundens krympande resurser<\/a><br \/>\n<a href=\"https:\/\/youtu.be\/CVjGbEh9IFE?t=1672&amp;si=U-TO12NHOrbJA6S4\" target=\"_blank\" rel=\"noopener\">13. Elvenites dr\u00f6mkunder<\/a><br \/>\n<a href=\"https:\/\/youtu.be\/CVjGbEh9IFE?t=1812&amp;si=1oQ9XUKdYPS0yWgD\" target=\"_blank\" rel=\"noopener\">14. Hur AI kan komma att p\u00e5verka aff\u00e4rssystemen, dess kunder och leverant\u00f6rer fram\u00e5t<\/a><br \/>\n<a href=\"https:\/\/youtu.be\/CVjGbEh9IFE?t=2111&amp;si=ayVsvB9FRhLehHkw\" target=\"_blank\" rel=\"noopener\">15. Hur samspelet mellan Infor och Elvenite ser ut g\u00e4llande<\/a><br \/>\n<a href=\"https:\/\/youtu.be\/CVjGbEh9IFE?t=2159&amp;si=mDldKGR6uOe3okDR\" target=\"_blank\" rel=\"noopener\">16. Dialog om Elvenites m\u00e5lbild f\u00f6r fortsatta tillv\u00e4xt<\/a><br \/>\n<a href=\"https:\/\/youtu.be\/CVjGbEh9IFE?t=2282&amp;si=WSFLO2Bgb0VLitqz\" target=\"_blank\" rel=\"noopener\">17. Slutord om vad som \u00e4r Elvenites DNA<\/a><br \/>\n<a href=\"https:\/\/youtu.be\/CVjGbEh9IFE?t=2401&amp;si=nGRb51bGwkvV1KJp\" target=\"_blank\" rel=\"noopener\">18. Avslut<\/a><\/h5>\n","protected":false},"excerpt":{"rendered":"<p>HerbertNathan &#038; Co\u00a0intervjuar Mathias Dyberg p\u00e5 Elvenite. Genom intervjun f\u00e5r du veta mer om Elvenites strategi, aff\u00e4rsid\u00e9 och erbjudande till marknaden.<\/p>\n","protected":false},"author":89,"featured_media":42484,"comment_status":"closed","ping_status":"closed","sticky":false,"template":"","format":"video","meta":{"_acf_changed":false,"slim_seo":{"title":"HerbertNathan & Co tar pulsen p\u00e5 Mathias Dyberg p\u00e5 Elvenite - HerbertNathan &amp; Co","description":"HerbertNathan & Co\u00a0intervjuar Mathias Dyberg p\u00e5 Elvenite. Genom intervjun f\u00e5r du veta mer om Elvenites strategi, aff\u00e4rsid\u00e9 och erbjudande till marknaden."},"footnotes":""},"categories":[1708],"tags":[1764,2580,2783],"class_list":["post-46263","post","type-post","status-publish","format-video","has-post-thumbnail","hentry","category-erp","tag-infor","tag-elvenite-sv","tag-infor-m3","post_format-post-format-video","formats-video","formats-intervjuer"],"acf":[],"_links":{"self":[{"href":"https:\/\/www.herbertnathan.com\/sv\/wp-json\/wp\/v2\/posts\/46263","targetHints":{"allow":["GET"]}}],"collection":[{"href":"https:\/\/www.herbertnathan.com\/sv\/wp-json\/wp\/v2\/posts"}],"about":[{"href":"https:\/\/www.herbertnathan.com\/sv\/wp-json\/wp\/v2\/types\/post"}],"author":[{"embeddable":true,"href":"https:\/\/www.herbertnathan.com\/sv\/wp-json\/wp\/v2\/users\/89"}],"replies":[{"embeddable":true,"href":"https:\/\/www.herbertnathan.com\/sv\/wp-json\/wp\/v2\/comments?post=46263"}],"version-history":[{"count":8,"href":"https:\/\/www.herbertnathan.com\/sv\/wp-json\/wp\/v2\/posts\/46263\/revisions"}],"predecessor-version":[{"id":46568,"href":"https:\/\/www.herbertnathan.com\/sv\/wp-json\/wp\/v2\/posts\/46263\/revisions\/46568"}],"wp:featuredmedia":[{"embeddable":true,"href":"https:\/\/www.herbertnathan.com\/sv\/wp-json\/wp\/v2\/media\/42484"}],"wp:attachment":[{"href":"https:\/\/www.herbertnathan.com\/sv\/wp-json\/wp\/v2\/media?parent=46263"}],"wp:term":[{"taxonomy":"category","embeddable":true,"href":"https:\/\/www.herbertnathan.com\/sv\/wp-json\/wp\/v2\/categories?post=46263"},{"taxonomy":"post_tag","embeddable":true,"href":"https:\/\/www.herbertnathan.com\/sv\/wp-json\/wp\/v2\/tags?post=46263"}],"curies":[{"name":"wp","href":"https:\/\/api.w.org\/{rel}","templated":true}]}}